{"id":3063,"date":"2020-05-20T11:54:58","date_gmt":"2020-05-20T16:54:58","guid":{"rendered":"https:\/\/www.ipp.edu.pe\/blog\/?p=3063"},"modified":"2022-02-02T21:18:03","modified_gmt":"2022-02-03T02:18:03","slug":"que-piensan-los-alumnos-sobre-nosotros","status":"publish","type":"post","link":"https:\/\/www.ipp.edu.pe\/blog\/que-piensan-los-alumnos-sobre-nosotros\/","title":{"rendered":"Testimonios de nuestros alumnos"},"content":{"rendered":"\n<p> <\/p>\n\n\n\n<figure class=\"wp-block-image\"><img loading=\"lazy\" width=\"1024\" height=\"683\" src=\"https:\/\/www.ipp.edu.pe\/blog\/wp-content\/uploads\/2021\/04\/testimonios-de-alumnos-1024x683.jpg\" alt=\"\" class=\"wp-image-5248\"\/><\/figure>\n\n\n\n<p>Compartimos la experiencia de algunos de nuestros alumnos. Descubre por qu\u00e9 decidieron desarrollar su potencial con nosotros y qu\u00e9 es lo que m\u00e1s le gusta del IPP:<\/p>\n\n\n\n<p> <\/p>\n\n\n\n<h3>Maril\u00fa Aliendres &#8211; Comunicaci\u00f3n &amp; Marketing de la Moda<br><\/h3>\n\n\n\n<div class=\"wp-block-media-text alignwide is-stacked-on-mobile\" style=\"grid-template-columns:52% auto\"><figure class=\"wp-block-media-text__media\"><img loading=\"lazy\" width=\"576\" height=\"1024\" src=\"https:\/\/www.ipp.edu.pe\/blog\/wp-content\/uploads\/2020\/05\/Mia2-576x1024.jpg\" alt=\"\" class=\"wp-image-6229\"\/><\/figure><div class=\"wp-block-media-text__content\">\n<p> <br>\u00abMe encanta porque me muestran, me ense\u00f1an lo que necesito saber: herramientas que voy a poner en pr\u00e1ctica para, en un futuro, estar preparada para el rubro de la moda.\u00bb <\/p>\n<\/div><\/div>\n\n\n\n<p>  <br><\/p>\n\n\n\n<h3>Valeria Conde &#8211; Marketing &amp; Nuevas Tecnolog\u00edas <br><\/h3>\n\n\n\n<div class=\"wp-block-media-text alignwide is-stacked-on-mobile\" style=\"grid-template-columns:52% auto\"><figure class=\"wp-block-media-text__media\"><img loading=\"lazy\" width=\"768\" height=\"1024\" src=\"https:\/\/www.ipp.edu.pe\/blog\/wp-content\/uploads\/2020\/05\/Valeria-Conde-e1643853200169-768x1024.jpg\" alt=\"\" class=\"wp-image-6226\"\/><\/figure><div class=\"wp-block-media-text__content\">\n<p>\u00abConsidero que la carrera de Marketing &amp; Nuevas Tecnolog\u00edas es un gran paso para abrir varias puertas, el mundo del marketing da a conocer a las personas, a los consumidores y te hace ver otra perspectiva.<br><\/p>\n\n\n\n<p>Los profesores son muy buenos y ense\u00f1an muy bien, todos ellos son muy talentosos  y no solamente ense\u00f1an teor\u00eda sino que tambi\u00e9n comparten experiencias laborales.\u00bb<\/p>\n<\/div><\/div>\n\n\n\n<p>  <br><\/p>\n\n\n\n<h3>Fiorella Caballero &#8211; Marketing &amp; Nuevas Tecnolog\u00edas <br>(Beca 18)<\/h3>\n\n\n\n<div class=\"wp-block-media-text alignwide is-stacked-on-mobile\" style=\"grid-template-columns:52% auto\"><figure class=\"wp-block-media-text__media\"><img loading=\"lazy\" width=\"847\" height=\"1024\" src=\"https:\/\/www.ipp.edu.pe\/blog\/wp-content\/uploads\/2020\/05\/Fiorella-Caballero-847x1024.jpeg\" alt=\"\" class=\"wp-image-6220\"\/><\/figure><div class=\"wp-block-media-text__content\">\n<p>\u00abEl IPP es uno de los mejores institutos en el \u00e1mbito de las comunicaciones, especializado y de prestigio. Las clases han sido de muy buena calidad, la malla curricular y la metodolog\u00eda de los profesores. <\/p>\n\n\n\n<p>Con el IPP voy a poder desarrollarme profesionalmente y tener oportunidades en el mundo laboral.\u00bb <\/p>\n<\/div><\/div>\n\n\n\n<p>  <br><\/p>\n\n\n\n<h3>Darlene Hidalgo &#8211; Comunicaci\u00f3n Audiovisual<\/h3>\n\n\n\n<div class=\"wp-block-media-text alignwide is-stacked-on-mobile\"><figure class=\"wp-block-media-text__media\"><img loading=\"lazy\" width=\"768\" height=\"1024\" src=\"https:\/\/www.ipp.edu.pe\/blog\/wp-content\/uploads\/2020\/05\/Darlene-Hidalgo-CA-768x1024.jpg\" alt=\"\" class=\"wp-image-3229\"\/><\/figure><div class=\"wp-block-media-text__content\">\n<p>\u00abEstudiar en el IPP me ha dado sin duda una nueva visi\u00f3n del mundo. Desde el primer d\u00eda me hicieron sentir en un ambiente c\u00f3modo y a la altura de mis expectativas. Los profesores est\u00e1n siempre dispuestos a resolver tus dudas, ayudarte y a compartir contigo sus experiencias en el campo laboral. Todo esto, de hecho que me ha ayudado a confirmar que la carrera que eleg\u00ed es la correcta, sobre todo luego de mi primera pr\u00e1ctica laboral, la que hice tan solo un par de meses despu\u00e9s de finalizar el primer ciclo. Gracias al IPP pude conocer a grandes personas, confiar m\u00e1s en mis habilidades tener la motivaci\u00f3n de seguir luchando por lo que quiero por m\u00e1s lejano que parezca.\u00bb <\/p>\n<\/div><\/div>\n\n\n\n<p>  <br><\/p>\n\n\n\n<h3><strong>Chiara Orsini &#8211; Comunicaci\u00f3n Audiovisual<\/strong><\/h3>\n\n\n\n<div class=\"wp-block-media-text alignwide is-stacked-on-mobile\"><figure class=\"wp-block-media-text__media\"><img loading=\"lazy\" width=\"768\" height=\"1024\" src=\"https:\/\/www.ipp.edu.pe\/blog\/wp-content\/uploads\/2020\/04\/chiara-768x1024.jpg\" alt=\"\" class=\"wp-image-3072\"\/><\/figure><div class=\"wp-block-media-text__content\">\n<p>\u00abEstudiar audiovisuales en el IPP es un universo que fui descubriendo poco a poco; no es f\u00e1cil lidiar con muchos cursos por ciclo, pero siempre encuentras la forma de organizarte y aprender much\u00edsimo. <\/p>\n\n\n\n<p>Yo estaba indecisa sobre en qu\u00e9 rama de la carrera especializarme y el hecho que el IPP te brinde cursos de toda gama me parece &#8216;bravazo&#8217;, desde producci\u00f3n, pasando por marketing a direcci\u00f3n de arte, teniendo cursos de cine y de publicidad. Esto me ha ayudado mucho para tener una visi\u00f3n m\u00e1s clara y saber a qu\u00e9 quiero dedicarme y estoy segura que ser\u00e9 una buena profesional gracias a los incre\u00edbles profesores que tengo.\u00bb <\/p>\n<\/div><\/div>\n\n\n\n<p>  <br><\/p>\n\n\n\n<h3 id=\"mce_0\"><strong>Kate Diez Canseco<\/strong> &#8211; Comunicaci\u00f3n Audiovisual<\/h3>\n\n\n\n<div class=\"wp-block-media-text alignwide is-stacked-on-mobile\"><figure class=\"wp-block-media-text__media\"><img loading=\"lazy\" width=\"822\" height=\"1024\" src=\"https:\/\/www.ipp.edu.pe\/blog\/wp-content\/uploads\/2020\/05\/Alumnos-IPP-822x1024.jpg\" alt=\"Alumnos IPP\" class=\"wp-image-3516\"\/><\/figure><div class=\"wp-block-media-text__content\">\n<p> \u201cA lo largo de mi vida estuve en distintos centros educativos, pero el IPP ha sido una de mis mejores experiencias. No solo siento que he aprendido de verdad y a cargo de grandes talentos del medio, tambi\u00e9n form\u00e9 lazos con ellos, que m\u00e1s all\u00e1 de la ense\u00f1anza, me hicieron crecer como persona y no solo como profesional. Puedo decir que he disfrutado al 100% de los procesos. <\/p>\n\n\n\n<p>El crear y desarrollar contenido, las grabaciones, la post producci\u00f3n gracias a las mil dudas resueltas y al apoyo incondicional que los profesores me brindaron dentro y fuera de clases y rodajes, d\u00e1ndome la seguridad para seguir aventur\u00e1ndome en esta carrera que, por m\u00e1s dif\u00edcil que a veces sea, rectifica mi pasi\u00f3n por contar historias.\u201d    <\/p>\n<\/div><\/div>\n\n\n\n<p>  <br><\/p>\n\n\n\n<h3><strong>Ariana Jorquera<\/strong> &#8211; Comunicaci\u00f3n Audiovisual<\/h3>\n\n\n\n<div class=\"wp-block-media-text alignwide is-stacked-on-mobile\"><figure class=\"wp-block-media-text__media\"><img loading=\"lazy\" width=\"211\" height=\"300\" src=\"https:\/\/www.ipp.edu.pe\/blog\/wp-content\/uploads\/2020\/04\/Ariana-Jorquera-2-211x300.jpg\" alt=\"\" class=\"wp-image-3068\"\/><\/figure><div class=\"wp-block-media-text__content\">\n<p>\u00abIPP es un lugar donde est\u00e1 prohibido dar menos de tu 100%. Donde la din\u00e1mica que tienes con tus compa\u00f1eros, profesores y quien pertenezca a este lugar; es una experiencia sumamente enriquecedora. <\/p>\n\n\n\n<p>IPP es entrar a la cancha desde el d\u00eda 1 y a partir de ah\u00ed, no paras de crecer nunca m\u00e1s. Estar\u00e9 siempre agradecida con lo que me lleve de aqu\u00ed.\u00bb   <\/p>\n<\/div><\/div>\n\n\n\n<p>  <br><\/p>\n\n\n\n<h3><strong>Fernando Villena<\/strong> &#8211; Comunicaci\u00f3n Audiovisual<\/h3>\n\n\n\n<div class=\"wp-block-media-text alignwide is-stacked-on-mobile\"><figure class=\"wp-block-media-text__media\"><img loading=\"lazy\" width=\"1024\" height=\"576\" src=\"https:\/\/www.ipp.edu.pe\/blog\/wp-content\/uploads\/2020\/04\/IMG_1038-1-1024x576.jpg\" alt=\"\" class=\"wp-image-3069\"\/><\/figure><div class=\"wp-block-media-text__content\">\n<p>\u00abConoc\u00ed IPP porque grab\u00e9 cortometrajes ah\u00ed como actor. Me qued\u00e9 impactado con la destreza que ten\u00edan; me encontr\u00e9 con grupos muy unidos, creativos y entregados con su trabajo, me di cuenta que era ah\u00ed donde quer\u00eda estudiar Audiovisuales. Desde que entras te sientes en un ambiente acogedor y profesional, con gente que piensa y quiere hacer cosas como t\u00fa. <\/p>\n\n\n\n<p>Los profes, aparte que ense\u00f1an de forma amena, son tus patas, una de las ventajas tambi\u00e9n es que los cursos son te\u00f3ricos\/pr\u00e1cticos donde uno demuestra sus habilidades. En primer ciclo ya cog\u00eda una c\u00e1mara. Tienes mucha oportunidad de crecer, por ejemplo, mi guion se convirti\u00f3 en un cortometraje y luego lleg\u00f3 a un festival, me sent\u00ed muy emocionado con eso. \u00a1Estoy muy feliz estudiando en IPP!\u00bb  <\/p>\n<\/div><\/div>\n\n\n\n<p>  <br><\/p>\n\n\n\n<h3><strong>Stephany Lino<\/strong> &#8211; Comunicaci\u00f3n &amp; Marketing de la Moda<\/h3>\n\n\n\n<div class=\"wp-block-media-text alignwide is-stacked-on-mobile\"><figure class=\"wp-block-media-text__media\"><img loading=\"lazy\" width=\"700\" height=\"950\" src=\"https:\/\/www.ipp.edu.pe\/blog\/wp-content\/uploads\/2020\/05\/Lino.jpg\" alt=\"\" class=\"wp-image-3430\"\/><\/figure><div class=\"wp-block-media-text__content\">\n<p>\u00abComo estudiante de la carrera de Comunicaci\u00f3n &amp; Marketing de la moda del segundo ciclo, en tan corto tiempo, estoy muy satisfecha de haber elegido IPP. Desde sus m\u00f3dulos hasta los profesores; es un buen instituto para desarrollarte como profesional en el campo publicitario y no solo de moda. <\/p>\n\n\n\n<p>\n\nSe podr\u00eda decir que el IPP te ofrece diversidad. No importa de qu\u00e9 carrera seas, hay buenas charlas con personas a las cuales aspiras a llegar a lo largo de tu carrera, y tienen presente la identidad peruana, nuestra cultura, nos desarrollamos profesionalmente con nuestro Per\u00fa.\u00bb   \n\n<\/p>\n<\/div><\/div>\n\n\n\n<p>  <br><\/p>\n\n\n\n<h3><strong>Carla Alburqueque &#8211; Comunicaci\u00f3n &amp; Marketing de la Moda<\/strong><\/h3>\n\n\n\n<div class=\"wp-block-media-text alignwide is-stacked-on-mobile\"><figure class=\"wp-block-media-text__media\"><img loading=\"lazy\" width=\"768\" height=\"1024\" src=\"https:\/\/www.ipp.edu.pe\/blog\/wp-content\/uploads\/2020\/04\/Carla-Alburqueque-3-CMM-768x1024.jpg\" alt=\"\" class=\"wp-image-3076\"\/><\/figure><div class=\"wp-block-media-text__content\">\n<p>\u00abIPP dio un cambio de 180\u00b0 en mi vida. Desde mudarme de ciudad para empezar a construir un sue\u00f1o que ven\u00eda suspendiendo tantos a\u00f1os, hasta enamorarme de los cursos que en vacaciones lo \u00fanico que quer\u00eda era empezar clases.  El apoyo de los profesores es la parte m\u00e1s grande de la magia. No hab\u00eda encontrado otro lugar a personas con hambre de compartir sus conocimientos y hacernos sentir parte de este mundo nuevo desde el primer d\u00eda. Nunca pens\u00e9 que, en tan poco tiempo, lograr\u00eda aprender tanto. <\/p>\n\n\n\n<p>Nada hubiera sido lo mismo sin mis compa\u00f1eras, quienes me confirman que el trabajo en equipo es el secreto que hace que la gente logre resultados poco comunes. No busco ser mejor que nadie, la competencia que tengo es conmigo y agradezco que IPP nos exija lo suficiente para saber hasta d\u00f3nde podemos llegar. La clave es poner coraz\u00f3n a todo y apasionarte por hacer las cosas bien.\u00bb <br><\/p>\n<\/div><\/div>\n\n\n\n<p>  <br><\/p>\n\n\n\n<h3><strong>Olenka Tremendo<\/strong> &#8211; Ciencias Publicitarias<\/h3>\n\n\n\n<div class=\"wp-block-media-text alignwide is-stacked-on-mobile\"><figure class=\"wp-block-media-text__media\"><img loading=\"lazy\" width=\"768\" height=\"1024\" src=\"https:\/\/www.ipp.edu.pe\/blog\/wp-content\/uploads\/2020\/04\/IMG_0652-768x1024.jpg\" alt=\"\" class=\"wp-image-3073\"\/><\/figure><div class=\"wp-block-media-text__content\">\n<p>\u00abLlegu\u00e9 al IPP en el 2018 despu\u00e9s de haber pasado por lugares de estudios que no me llamaban la atenci\u00f3n. Antes de conocer sobre esta carrera, termine la de M\u00fasica en el Conservatorio como cantante de Opera l\u00edrica, despu\u00e9s, quise hacer una carrera t\u00e9cnica, pero no sabia d\u00f3nde ni c\u00f3mo. Soy una persona que le gusta comunicar y tambi\u00e9n las redes sociales, as\u00ed que busqu\u00e9 un lugar para estudiar comunicaciones dirigido a la publicidad para poder darle un soporte a mi anterior carrera. <\/p>\n\n\n\n<p>Al IPP, lo am\u00e9 desde el primer momento en que entr\u00e9. Tiene los mejores ambientes, las clases son s\u00faper interactivas y me di cuenta que aprend\u00eda de la manera que a m\u00ed m\u00e1s me gusta, la pr\u00e1ctica. La verdad es que no cambiar\u00eda esta experiencia por nada, ya que tambi\u00e9n se le considera una familia, por lo mismo que te apoyan\u00bb.<\/p>\n<\/div><\/div>\n\n\n\n<p>  <br><\/p>\n\n\n\n<h3><strong>Jacinta Gildemeister &#8211; Ciencias Publicitarias<\/strong><\/h3>\n\n\n\n<div class=\"wp-block-media-text alignwide is-stacked-on-mobile\"><figure class=\"wp-block-media-text__media\"><img loading=\"lazy\" width=\"1024\" height=\"683\" src=\"https:\/\/www.ipp.edu.pe\/blog\/wp-content\/uploads\/2020\/04\/IPP-Studio0268-1024x683.jpg\" alt=\"\" class=\"wp-image-3075\"\/><\/figure><div class=\"wp-block-media-text__content\">\n<p>\u00abEl IPP es un lugar al que yo le llamo hogar. Desde que entras todos te saludan con una sonrisa enorme como si ya te conocieran de toda la vida. Estos casi tres a\u00f1os han sido incre\u00edbles, he encontrado verdaderas amistades no solo de la gente de mis clases sino tambi\u00e9n de los profesores, personas con las que uno se siente en familia. Les puedes confiar todo, y est\u00e1n para ti en cualquier momento. Adem\u00e1s, la calidad de educativa se ve en todos los aspectos, dan todo de s\u00ed para hacer de nosotros los mejores profesionales, lanz\u00e1ndonos a la cancha desde el primer d\u00eda y estando ah\u00ed para corregir nuestros errores y lograr que reflejemos en nosotros el gran prestigio que tiene ganado el IPP.\u00bb <\/p>\n<\/div><\/div>\n\n\n\n<p>  <br><\/p>\n\n\n\n<h3><strong>Sebastian Ishi<\/strong> &#8211; Ciencias Publicitarias<\/h3>\n\n\n\n<div class=\"wp-block-media-text alignwide is-stacked-on-mobile\"><figure class=\"wp-block-media-text__media\"><img loading=\"lazy\" width=\"1024\" height=\"768\" src=\"https:\/\/www.ipp.edu.pe\/blog\/wp-content\/uploads\/2020\/04\/Sebastai\u00e1n-Ishii2-CP-1-1024x768.jpeg\" alt=\"\" class=\"wp-image-3077\"\/><\/figure><div class=\"wp-block-media-text__content\">\n<p>\u00ab\u00bfPor qu\u00e9 escogiste estudiar publicidad? Fue la pregunta que nos hicieron el primer d\u00eda de clases. Para ser sinceros, no ten\u00eda la respuesta clara. Solo sab\u00eda que quer\u00eda estudiar algo que me mantenga relacionado con otras personas y que me haga sentir feliz, porque, al fin y al cabo, tu carrera ser\u00e1 el cimiento del resto de tu vida. Al parecer, no fall\u00e9; a la semana ya me hab\u00eda \u201cenganchado\u201d a los temas que ve\u00edamos, dif\u00edcil no sentirse as\u00ed con los cracks (profesores) que me ense\u00f1aron. Si el d\u00eda de hoy me hacen la misma pregunta, mi respuesta ser\u00eda: \u00abPorque puedo persuadirte a hacer lo que yo quiera\u2026 Para m\u00ed, eso es m\u00e1s que suficiente\u00bb.<\/p>\n<\/div><\/div>\n\n\n\n<p>  <br><\/p>\n\n\n\n<h3>Luhana Flores &#8211; Dise\u00f1o Publicitario <\/h3>\n\n\n\n<div class=\"wp-block-media-text alignwide is-stacked-on-mobile\"><figure class=\"wp-block-media-text__media\"><img loading=\"lazy\" width=\"719\" height=\"832\" src=\"https:\/\/www.ipp.edu.pe\/blog\/wp-content\/uploads\/2020\/05\/Luhana1.jpeg\" alt=\"\" class=\"wp-image-3227\"\/><\/figure><div class=\"wp-block-media-text__content\">\n<p>\u00abMi experiencia como alumna en el IPP dentro de la carrera de Dise\u00f1o Publicitario ha sido muy satisfactoria. La malla curricular que se me estableci\u00f3 me brind\u00f3 el conocimiento suficiente, no solo en lo que mi carrera requer\u00eda, sino tambi\u00e9n en otras \u00e1reas de la publicidad, brind\u00e1ndome una formaci\u00f3n y preparaci\u00f3n mucho m\u00e1s completa para cuando ingresara al campo laboral. <\/p>\n\n\n\n<p>Dentro de la parte creativa, me dejaron explayarme con mis ideas y gr\u00e1ficos de una manera muy libre, pero sin perder la estrategia, para as\u00ed lograr la comunicaci\u00f3n efectiva con el cliente, porque al final nuestro verdadero trabajo es ser comunicadores\u00bb. <\/p>\n<\/div><\/div>\n\n\n\n<p>  <br><\/p>\n\n\n\n<h3>Gloria Mar\u00eda Nusser &#8211; Dise\u00f1o Publicitario<\/h3>\n\n\n\n<div class=\"wp-block-media-text alignwide is-stacked-on-mobile\"><figure class=\"wp-block-media-text__media\"><img loading=\"lazy\" width=\"683\" height=\"1024\" src=\"https:\/\/www.ipp.edu.pe\/blog\/wp-content\/uploads\/2020\/05\/gloria-maria-683x1024.jpg\" alt=\"\" class=\"wp-image-3228\"\/><\/figure><div class=\"wp-block-media-text__content\">\n<p>\u201cMi experiencia estudiando en el IPP es incre\u00edble. La comunicaci\u00f3n y relaci\u00f3n que hay, tan asertiva y profesional, entre los profesores y los alumnos, remarca lo importante que es la educaci\u00f3n de manera pr\u00e1ctica, la cual se aplica totalmente.<\/p>\n\n\n\n<p> No solo estoy feliz por haber decidido estudiar en el IPP, estoy feliz tambi\u00e9n, por los grandes conocimientos y cambios positivos que estoy teniendo gracias a la educaci\u00f3n que estoy recibiendo\u201d.  <\/p>\n<\/div><\/div>\n\n\n\n<p>  <br><\/p>\n\n\n\n<h3><strong>Mariana Paz &#8211; Marketing &amp; Nuevas Tecnolog\u00edas<\/strong> <\/h3>\n\n\n\n<div class=\"wp-block-media-text alignwide is-stacked-on-mobile\"><figure class=\"wp-block-media-text__media\"><img loading=\"lazy\" width=\"768\" height=\"1024\" src=\"https:\/\/www.ipp.edu.pe\/blog\/wp-content\/uploads\/2020\/04\/Mariana-paz-768x1024.jpeg\" alt=\"\" class=\"wp-image-3074\"\/><\/figure><div class=\"wp-block-media-text__content\">\n<p>\u00abUn lugar de comodidad, aprendizaje y diversi\u00f3n. Donde la esencia de uno mismo es destacada y la creatividad es tan notable que se podr\u00eda palpar.<\/p>\n\n\n\n<p>El IPP, es un lugar donde los profesores no son solo mentores, sino que tambi\u00e9n son amigos, un lugar donde nunca terminas de sorprenderte, donde te conectas con tu profesi\u00f3n y te das cuenta de la pasi\u00f3n que le puedes tener, un lugar donde encuentras las herramientas que necesitas y m\u00e1s.\u00bb <\/p>\n<\/div><\/div>\n\n\n\n<p>  <br><\/p>\n\n\n\n<p>Nuestros alumnos son nuestra prioridad. No solo nos preocupamos por formarlos como profesionales, sino como mejores personas que compartan sus experiencias con los dem\u00e1s y las ense\u00f1en. La felicidad de cada uno de ellos refleja lo que significa el IPP quiere mostrarles y tiene para todos quienes se animen a formar parte de esta gran familia.  <\/p>\n","protected":false},"excerpt":{"rendered":"<p>Compartimos la experiencia de algunos de nuestros alumnos. Descubre por qu\u00e9 decidieron desarrollar su potencial con nosotros y qu\u00e9 es lo que m\u00e1s le gusta del IPP: Maril\u00fa Aliendres &#8211; Comunicaci\u00f3n &amp; Marketing de la Moda \u00abMe encanta porque me [&hellip;]<\/p>\n","protected":false},"author":1,"featured_media":2884,"comment_status":"open","ping_status":"open","sticky":false,"template":"","format":"standard","meta":[],"categories":[145],"tags":[],"yoast_head":"<!-- This site is optimized with the Yoast SEO plugin v19.7.1 - https:\/\/yoast.com\/wordpress\/plugins\/seo\/ -->\n<title>Testimonios de nuestros alumnos | IPP<\/title>\n<meta name=\"description\" content=\"Compartimos la experiencia de algunos de nuestros alumnos. Descubre por qu\u00e9 decidieron desarrollar su potencial con nosotros y qu\u00e9 es lo que m\u00e1s le gusta\" \/>\n<meta name=\"robots\" content=\"index, follow, max-snippet:-1, max-image-preview:large, max-video-preview:-1\" \/>\n<link rel=\"canonical\" href=\"https:\/\/www.ipp.edu.pe\/blog\/que-piensan-los-alumnos-sobre-nosotros\/\" \/>\n<meta property=\"og:locale\" content=\"es_ES\" \/>\n<meta property=\"og:type\" content=\"article\" \/>\n<meta property=\"og:title\" content=\"Testimonios de nuestros alumnos | IPP\" \/>\n<meta property=\"og:description\" content=\"Compartimos la experiencia de algunos de nuestros alumnos. Descubre por qu\u00e9 decidieron desarrollar su potencial con nosotros y qu\u00e9 es lo que m\u00e1s le gusta\" \/>\n<meta property=\"og:url\" content=\"https:\/\/www.ipp.edu.pe\/blog\/que-piensan-los-alumnos-sobre-nosotros\/\" \/>\n<meta property=\"og:site_name\" content=\"IPP\" \/>\n<meta property=\"article:published_time\" content=\"2020-05-20T16:54:58+00:00\" \/>\n<meta property=\"article:modified_time\" content=\"2022-02-03T02:18:03+00:00\" \/>\n<meta property=\"og:image\" content=\"https:\/\/www.ipp.edu.pe\/blog\/wp-content\/uploads\/2020\/04\/banner_ipp_redes-1.jpg\" \/>\n\t<meta property=\"og:image:width\" content=\"1200\" \/>\n\t<meta property=\"og:image:height\" content=\"628\" \/>\n\t<meta property=\"og:image:type\" content=\"image\/jpeg\" \/>\n<meta name=\"author\" content=\"ipp\" \/>\n<meta name=\"twitter:card\" content=\"summary_large_image\" \/>\n<meta name=\"twitter:label1\" content=\"Escrito por\" \/>\n\t<meta name=\"twitter:data1\" content=\"ipp\" \/>\n\t<meta name=\"twitter:label2\" content=\"Tiempo de lectura\" \/>\n\t<meta name=\"twitter:data2\" content=\"9 minutos\" \/>\n<script type=\"application\/ld+json\" class=\"yoast-schema-graph\">{\"@context\":\"https:\/\/schema.org\",\"@graph\":[{\"@type\":\"WebPage\",\"@id\":\"https:\/\/www.ipp.edu.pe\/blog\/que-piensan-los-alumnos-sobre-nosotros\/\",\"url\":\"https:\/\/www.ipp.edu.pe\/blog\/que-piensan-los-alumnos-sobre-nosotros\/\",\"name\":\"Testimonios de nuestros alumnos | IPP\",\"isPartOf\":{\"@id\":\"https:\/\/www.ipp.edu.pe\/blog\/#website\"},\"datePublished\":\"2020-05-20T16:54:58+00:00\",\"dateModified\":\"2022-02-03T02:18:03+00:00\",\"author\":{\"@id\":\"https:\/\/www.ipp.edu.pe\/blog\/#\/schema\/person\/a181e83c31f3b4a4885d79f8ba3511d9\"},\"description\":\"Compartimos la experiencia de algunos de nuestros alumnos. Descubre por qu\u00e9 decidieron desarrollar su potencial con nosotros y qu\u00e9 es lo que m\u00e1s le gusta\",\"breadcrumb\":{\"@id\":\"https:\/\/www.ipp.edu.pe\/blog\/que-piensan-los-alumnos-sobre-nosotros\/#breadcrumb\"},\"inLanguage\":\"es\",\"potentialAction\":[{\"@type\":\"ReadAction\",\"target\":[\"https:\/\/www.ipp.edu.pe\/blog\/que-piensan-los-alumnos-sobre-nosotros\/\"]}]},{\"@type\":\"BreadcrumbList\",\"@id\":\"https:\/\/www.ipp.edu.pe\/blog\/que-piensan-los-alumnos-sobre-nosotros\/#breadcrumb\",\"itemListElement\":[{\"@type\":\"ListItem\",\"position\":1,\"name\":\"Portada\",\"item\":\"https:\/\/www.ipp.edu.pe\/blog\/\"},{\"@type\":\"ListItem\",\"position\":2,\"name\":\"Testimonios de nuestros alumnos\"}]},{\"@type\":\"WebSite\",\"@id\":\"https:\/\/www.ipp.edu.pe\/blog\/#website\",\"url\":\"https:\/\/www.ipp.edu.pe\/blog\/\",\"name\":\"IPP\",\"description\":\"Blog\",\"potentialAction\":[{\"@type\":\"SearchAction\",\"target\":{\"@type\":\"EntryPoint\",\"urlTemplate\":\"https:\/\/www.ipp.edu.pe\/blog\/?s={search_term_string}\"},\"query-input\":\"required name=search_term_string\"}],\"inLanguage\":\"es\"},{\"@type\":\"Person\",\"@id\":\"https:\/\/www.ipp.edu.pe\/blog\/#\/schema\/person\/a181e83c31f3b4a4885d79f8ba3511d9\",\"name\":\"ipp\",\"image\":{\"@type\":\"ImageObject\",\"inLanguage\":\"es\",\"@id\":\"https:\/\/www.ipp.edu.pe\/blog\/#\/schema\/person\/image\/\",\"url\":\"https:\/\/secure.gravatar.com\/avatar\/f976c78458fb8748ef56aa820203fbd0?s=96&d=mm&r=g\",\"contentUrl\":\"https:\/\/secure.gravatar.com\/avatar\/f976c78458fb8748ef56aa820203fbd0?s=96&d=mm&r=g\",\"caption\":\"ipp\"},\"url\":\"https:\/\/www.ipp.edu.pe\/blog\/author\/ipp\/\"}]}<\/script>\n<!-- \/ Yoast SEO plugin. -->","yoast_head_json":{"title":"Testimonios de nuestros alumnos | IPP","description":"Compartimos la experiencia de algunos de nuestros alumnos. Descubre por qu\u00e9 decidieron desarrollar su potencial con nosotros y qu\u00e9 es lo que m\u00e1s le gusta","robots":{"index":"index","follow":"follow","max-snippet":"max-snippet:-1","max-image-preview":"max-image-preview:large","max-video-preview":"max-video-preview:-1"},"canonical":"https:\/\/www.ipp.edu.pe\/blog\/que-piensan-los-alumnos-sobre-nosotros\/","og_locale":"es_ES","og_type":"article","og_title":"Testimonios de nuestros alumnos | IPP","og_description":"Compartimos la experiencia de algunos de nuestros alumnos. Descubre por qu\u00e9 decidieron desarrollar su potencial con nosotros y qu\u00e9 es lo que m\u00e1s le gusta","og_url":"https:\/\/www.ipp.edu.pe\/blog\/que-piensan-los-alumnos-sobre-nosotros\/","og_site_name":"IPP","article_published_time":"2020-05-20T16:54:58+00:00","article_modified_time":"2022-02-03T02:18:03+00:00","og_image":[{"width":1200,"height":628,"url":"https:\/\/www.ipp.edu.pe\/blog\/wp-content\/uploads\/2020\/04\/banner_ipp_redes-1.jpg","type":"image\/jpeg"}],"author":"ipp","twitter_card":"summary_large_image","twitter_misc":{"Escrito por":"ipp","Tiempo de lectura":"9 minutos"},"schema":{"@context":"https:\/\/schema.org","@graph":[{"@type":"WebPage","@id":"https:\/\/www.ipp.edu.pe\/blog\/que-piensan-los-alumnos-sobre-nosotros\/","url":"https:\/\/www.ipp.edu.pe\/blog\/que-piensan-los-alumnos-sobre-nosotros\/","name":"Testimonios de nuestros alumnos | IPP","isPartOf":{"@id":"https:\/\/www.ipp.edu.pe\/blog\/#website"},"datePublished":"2020-05-20T16:54:58+00:00","dateModified":"2022-02-03T02:18:03+00:00","author":{"@id":"https:\/\/www.ipp.edu.pe\/blog\/#\/schema\/person\/a181e83c31f3b4a4885d79f8ba3511d9"},"description":"Compartimos la experiencia de algunos de nuestros alumnos. Descubre por qu\u00e9 decidieron desarrollar su potencial con nosotros y qu\u00e9 es lo que m\u00e1s le gusta","breadcrumb":{"@id":"https:\/\/www.ipp.edu.pe\/blog\/que-piensan-los-alumnos-sobre-nosotros\/#breadcrumb"},"inLanguage":"es","potentialAction":[{"@type":"ReadAction","target":["https:\/\/www.ipp.edu.pe\/blog\/que-piensan-los-alumnos-sobre-nosotros\/"]}]},{"@type":"BreadcrumbList","@id":"https:\/\/www.ipp.edu.pe\/blog\/que-piensan-los-alumnos-sobre-nosotros\/#breadcrumb","itemListElement":[{"@type":"ListItem","position":1,"name":"Portada","item":"https:\/\/www.ipp.edu.pe\/blog\/"},{"@type":"ListItem","position":2,"name":"Testimonios de nuestros alumnos"}]},{"@type":"WebSite","@id":"https:\/\/www.ipp.edu.pe\/blog\/#website","url":"https:\/\/www.ipp.edu.pe\/blog\/","name":"IPP","description":"Blog","potentialAction":[{"@type":"SearchAction","target":{"@type":"EntryPoint","urlTemplate":"https:\/\/www.ipp.edu.pe\/blog\/?s={search_term_string}"},"query-input":"required name=search_term_string"}],"inLanguage":"es"},{"@type":"Person","@id":"https:\/\/www.ipp.edu.pe\/blog\/#\/schema\/person\/a181e83c31f3b4a4885d79f8ba3511d9","name":"ipp","image":{"@type":"ImageObject","inLanguage":"es","@id":"https:\/\/www.ipp.edu.pe\/blog\/#\/schema\/person\/image\/","url":"https:\/\/secure.gravatar.com\/avatar\/f976c78458fb8748ef56aa820203fbd0?s=96&d=mm&r=g","contentUrl":"https:\/\/secure.gravatar.com\/avatar\/f976c78458fb8748ef56aa820203fbd0?s=96&d=mm&r=g","caption":"ipp"},"url":"https:\/\/www.ipp.edu.pe\/blog\/author\/ipp\/"}]}},"_links":{"self":[{"href":"https:\/\/www.ipp.edu.pe\/blog\/wp-json\/wp\/v2\/posts\/3063"}],"collection":[{"href":"https:\/\/www.ipp.edu.pe\/blog\/wp-json\/wp\/v2\/posts"}],"about":[{"href":"https:\/\/www.ipp.edu.pe\/blog\/wp-json\/wp\/v2\/types\/post"}],"author":[{"embeddable":true,"href":"https:\/\/www.ipp.edu.pe\/blog\/wp-json\/wp\/v2\/users\/1"}],"replies":[{"embeddable":true,"href":"https:\/\/www.ipp.edu.pe\/blog\/wp-json\/wp\/v2\/comments?post=3063"}],"version-history":[{"count":67,"href":"https:\/\/www.ipp.edu.pe\/blog\/wp-json\/wp\/v2\/posts\/3063\/revisions"}],"predecessor-version":[{"id":6230,"href":"https:\/\/www.ipp.edu.pe\/blog\/wp-json\/wp\/v2\/posts\/3063\/revisions\/6230"}],"wp:featuredmedia":[{"embeddable":true,"href":"https:\/\/www.ipp.edu.pe\/blog\/wp-json\/wp\/v2\/media\/2884"}],"wp:attachment":[{"href":"https:\/\/www.ipp.edu.pe\/blog\/wp-json\/wp\/v2\/media?parent=3063"}],"wp:term":[{"taxonomy":"category","embeddable":true,"href":"https:\/\/www.ipp.edu.pe\/blog\/wp-json\/wp\/v2\/categories?post=3063"},{"taxonomy":"post_tag","embeddable":true,"href":"https:\/\/www.ipp.edu.pe\/blog\/wp-json\/wp\/v2\/tags?post=3063"}],"curies":[{"name":"wp","href":"https:\/\/api.w.org\/{rel}","templated":true}]}}