{"id":7867,"date":"2026-01-23T18:33:00","date_gmt":"2026-01-23T23:33:00","guid":{"rendered":"https:\/\/www.ipp.edu.pe\/blog\/?p=7867"},"modified":"2026-01-23T18:33:00","modified_gmt":"2026-01-23T23:33:00","slug":"nuevas-modalidades-de-estudio-en-el-ipp-mas-opciones-para-que-nada-te-impida-estudiar-tu-carrera","status":"publish","type":"post","link":"https:\/\/www.ipp.edu.pe\/blog\/nuevas-modalidades-de-estudio-en-el-ipp-mas-opciones-para-que-nada-te-impida-estudiar-tu-carrera\/","title":{"rendered":"Nuevas modalidades de estudio en el IPP: m\u00e1s opciones para que nada te impida estudiar tu carrera"},"content":{"rendered":"<p><img loading=\"lazy\" class=\"alignnone size-full wp-image-7870\" src=\"https:\/\/www.ipp.edu.pe\/blog\/wp-content\/uploads\/2026\/01\/IPP-PORTADA-MAYOR-100-VIRTUAL.png\" alt=\"\" width=\"1000\" height=\"667\" \/><\/p>\n<p><span style=\"font-weight: 400;\">El IPP, Instituto Peruano de Publicidad, ampl\u00eda sus modalidades de estudio incorporando modalidades semipresenciales y virtuales para ingresantes 2026.1, incorporando oficialmente modalidades semipresenciales y 100% virtuales en carreras seleccionadas de primer ciclo. <\/span><span style=\"font-weight: 400;\"><br \/>\n<\/span><span style=\"font-weight: 400;\"><br \/>\n<\/span><span style=\"font-weight: 400;\">Esta actualizaci\u00f3n es posible gracias a la ampliaci\u00f3n del licenciamiento institucional y responde a una necesidad concreta detectada en los procesos de admisi\u00f3n: muchos postulantes buscan estudiar carreras creativas y de comunicaci\u00f3n, pero requieren mayor flexibilidad para compatibilizar estudios, trabajo y vida personal.<\/span><\/p>\n<h2><b>\u00bfQu\u00e9 cambia en el IPP a partir del ciclo 2026.1?<\/p>\n<p><\/b><\/h2>\n<h4><b>Modalidad semipresencial &#8211; Turno ma\u00f1ana\u00a0<\/b><\/h4>\n<p><span style=\"font-weight: 400;\">Disponible para las siguientes carreras de primer ciclo:<\/span><\/p>\n<ul>\n<li style=\"font-weight: 400;\" aria-level=\"1\"><span style=\"font-weight: 400;\">Publicidad<\/span><\/li>\n<li style=\"font-weight: 400;\" aria-level=\"1\"><span style=\"font-weight: 400;\">Marketing y Nuevas Tecnolog\u00edas<\/span><\/li>\n<li style=\"font-weight: 400;\" aria-level=\"1\"><span style=\"font-weight: 400;\">Comunicaci\u00f3n Audiovisual<\/span><\/li>\n<li style=\"font-weight: 400;\" aria-level=\"1\"><span style=\"font-weight: 400;\">Dise\u00f1o Publicitario<\/span><\/li>\n<li style=\"font-weight: 400;\" aria-level=\"1\"><span style=\"font-weight: 400;\">Comunicaci\u00f3n y Marketing de la Moda<\/span><\/li>\n<\/ul>\n<p><span style=\"font-weight: 400;\">Esta modalidad combina clases presenciales con sesiones virtuales, ideal para quienes buscan organizaci\u00f3n y equilibrio desde las primeras horas del d\u00eda.<\/span><\/p>\n<h4><b>Modalidad semipresencial &#8211; Turno Noche<\/b><\/h4>\n<p><span style=\"font-weight: 400;\">Carreras:<\/span><\/p>\n<ul>\n<li style=\"font-weight: 400;\" aria-level=\"1\"><strong>Publicidad<\/strong><span style=\"font-weight: 400;\">\n<p><\/span><\/li>\n<\/ul>\n<p><span style=\"font-weight: 400;\">Pensada para personas que trabajan o desarrollan proyectos durante el d\u00eda y buscan seguir creciendo profesionalmente por las noches.<\/span><\/p>\n<p><span style=\"font-weight: 400;\">Una opci\u00f3n flexible, pr\u00e1ctica y alineada al ritmo real de quienes quieren estudiar, trabajar y construir su futuro al mismo tiempo.<\/span><\/p>\n<h4><b>Modalidad 100 % virtual &#8211; Turno Noche<\/b><b><\/b><\/h4>\n<p><span style=\"font-weight: 400;\">Carreras:<\/span><\/p>\n<ul>\n<li><strong>Publicidad<\/strong><\/li>\n<li style=\"font-weight: 400;\" aria-level=\"1\"><strong>Marketing y Nuevas Tecnolog\u00edas<\/strong><span style=\"font-weight: 400;\">\n<p><\/span><\/li>\n<\/ul>\n<p><span style=\"font-weight: 400;\">Dise\u00f1ada para quienes necesitan m\u00e1xima flexibilidad geogr\u00e1fica y horaria.<\/span><\/p>\n<p><span style=\"font-weight: 400;\">Esta modalidad te permite estudiar desde donde est\u00e9s, sin que la distancia sea un impedimento para acceder a una formaci\u00f3n actual, pr\u00e1ctica y alineada a las exigencias del mercado.<\/span><\/p>\n<h2><b>Turno noche con nuevo horario: m\u00e1s accesible para quienes trabajan<\/b><\/h2>\n<p><span style=\"font-weight: 400;\">Adem\u00e1s de las nuevas modalidades, el <\/span><b>turno noche del IPP iniciar\u00e1 a las 6:45 p. m.<\/b><span style=\"font-weight: 400;\">, un ajuste clave para facilitar la llegada a clases de estudiantes que trabajan o se trasladan desde zonas alejadas.<\/span><\/p>\n<p><span style=\"font-weight: 400;\">Este cambio responde a la realidad de muchos postulantes que buscan estudiar publicidad, marketing o carreras creativas sin poner en pausa su desarrollo profesional.<\/span><\/p>\n<h2><b>\u00bfQu\u00e9 se mantiene en todas las modalidades del IPP?<\/b><\/h2>\n<p><span style=\"font-weight: 400;\">Independientemente de la modalidad o el turno, el IPP mantiene los pilares de su propuesta formativa:<\/span><\/p>\n<ul>\n<li style=\"font-weight: 400;\" aria-level=\"1\"><span style=\"font-weight: 400;\">Metodolog\u00edas aplicadas al entorno profesional<\/span><\/li>\n<li style=\"font-weight: 400;\" aria-level=\"1\"><span style=\"font-weight: 400;\">Acompa\u00f1amiento acad\u00e9mico constante<\/span><\/li>\n<li style=\"font-weight: 400;\" aria-level=\"1\"><span style=\"font-weight: 400;\">Contenidos actualizados seg\u00fan las demandas del mercado<\/span><span style=\"font-weight: 400;\"><br \/>\n<\/span><span style=\"font-weight: 400;\">Enfoque pr\u00e1ctico desde el primer ciclo<\/span><span style=\"font-weight: 400;\"><\/p>\n<p><\/span><\/li>\n<\/ul>\n<p><span style=\"font-weight: 400;\">La modalidad cambia, pero la experiencia formativa y la conexi\u00f3n con la industria se mantienen.<\/span><\/p>\n<h2><b>M\u00e1s opciones, misma formaci\u00f3n: estudiar en el IPP hoy es m\u00e1s posible<\/b><\/h2>\n<p><span style=\"font-weight: 400;\">Si antes el tiempo, la distancia o el trabajo eran un obst\u00e1culo, hoy el IPP ampl\u00eda sus alternativas para que <\/span><b>nada te impida estudiar la carrera que quieres<\/b><span style=\"font-weight: 400;\">, desde el primer ciclo y con una formaci\u00f3n alineada al mundo real.<\/span><\/p>\n<p><b>&#x1f393; \u00bfListo para empezar tu carrera en el IPP?<br \/>\n<\/b><span style=\"font-weight: 400;\">&#x1f449; <\/span><b>Postula online aqu\u00ed:<\/b><b><br \/>\n<\/b><a href=\"https:\/\/www.ipp.edu.pe\/bienvenido-al-ipp\/\"> <span style=\"font-weight: 400;\">https:\/\/www.ipp.edu.pe\/bienvenido-al-ipp\/<\/span><\/a><\/p>\n","protected":false},"excerpt":{"rendered":"<p>El IPP, Instituto Peruano de Publicidad, ampl\u00eda sus modalidades de estudio incorporando modalidades semipresenciales y virtuales para ingresantes 2026.1, incorporando oficialmente modalidades semipresenciales y 100% virtuales en carreras seleccionadas de primer ciclo. Esta actualizaci\u00f3n es posible gracias a la ampliaci\u00f3n [&hellip;]<\/p>\n","protected":false},"author":1,"featured_media":7869,"comment_status":"closed","ping_status":"closed","sticky":false,"template":"","format":"standard","meta":[],"categories":[1],"tags":[],"yoast_head":"<!-- This site is optimized with the Yoast SEO plugin v19.7.1 - https:\/\/yoast.com\/wordpress\/plugins\/seo\/ -->\n<title>Nuevas modalidades de estudio en el IPP: m\u00e1s opciones para que nada te impida estudiar tu carrera | IPP<\/title>\n<meta name=\"description\" content=\"Estudia en el IPP con nuevas modalidades semipresenciales y virtuales desde 2026.1. M\u00e1s flexibilidad para tu carrera creativa.\" \/>\n<meta name=\"robots\" content=\"index, follow, max-snippet:-1, max-image-preview:large, max-video-preview:-1\" \/>\n<link rel=\"canonical\" href=\"https:\/\/www.ipp.edu.pe\/blog\/nuevas-modalidades-de-estudio-en-el-ipp-mas-opciones-para-que-nada-te-impida-estudiar-tu-carrera\/\" \/>\n<meta property=\"og:locale\" content=\"es_ES\" \/>\n<meta property=\"og:type\" content=\"article\" \/>\n<meta property=\"og:title\" content=\"Nuevas modalidades de estudio en el IPP: m\u00e1s opciones para que nada te impida estudiar tu carrera | IPP\" \/>\n<meta property=\"og:description\" content=\"Estudia en el IPP con nuevas modalidades semipresenciales y virtuales desde 2026.1. M\u00e1s flexibilidad para tu carrera creativa.\" \/>\n<meta property=\"og:url\" content=\"https:\/\/www.ipp.edu.pe\/blog\/nuevas-modalidades-de-estudio-en-el-ipp-mas-opciones-para-que-nada-te-impida-estudiar-tu-carrera\/\" \/>\n<meta property=\"og:site_name\" content=\"IPP\" \/>\n<meta property=\"article:published_time\" content=\"2026-01-23T23:33:00+00:00\" \/>\n<meta property=\"og:image\" content=\"https:\/\/www.ipp.edu.pe\/blog\/wp-content\/uploads\/2026\/01\/IPP-PORTADA-MINIATURA-100-VIRTUAL.png\" \/>\n\t<meta property=\"og:image:width\" content=\"960\" \/>\n\t<meta property=\"og:image:height\" content=\"720\" \/>\n\t<meta property=\"og:image:type\" content=\"image\/png\" \/>\n<meta name=\"author\" content=\"ipp\" \/>\n<meta name=\"twitter:card\" content=\"summary_large_image\" \/>\n<meta name=\"twitter:label1\" content=\"Escrito por\" \/>\n\t<meta name=\"twitter:data1\" content=\"ipp\" \/>\n\t<meta name=\"twitter:label2\" content=\"Tiempo de lectura\" \/>\n\t<meta name=\"twitter:data2\" content=\"3 minutos\" \/>\n<script type=\"application\/ld+json\" class=\"yoast-schema-graph\">{\"@context\":\"https:\/\/schema.org\",\"@graph\":[{\"@type\":\"WebPage\",\"@id\":\"https:\/\/www.ipp.edu.pe\/blog\/nuevas-modalidades-de-estudio-en-el-ipp-mas-opciones-para-que-nada-te-impida-estudiar-tu-carrera\/\",\"url\":\"https:\/\/www.ipp.edu.pe\/blog\/nuevas-modalidades-de-estudio-en-el-ipp-mas-opciones-para-que-nada-te-impida-estudiar-tu-carrera\/\",\"name\":\"Nuevas modalidades de estudio en el IPP: m\u00e1s opciones para que nada te impida estudiar tu carrera | IPP\",\"isPartOf\":{\"@id\":\"https:\/\/www.ipp.edu.pe\/blog\/#website\"},\"datePublished\":\"2026-01-23T23:33:00+00:00\",\"dateModified\":\"2026-01-23T23:33:00+00:00\",\"author\":{\"@id\":\"https:\/\/www.ipp.edu.pe\/blog\/#\/schema\/person\/a181e83c31f3b4a4885d79f8ba3511d9\"},\"description\":\"Estudia en el IPP con nuevas modalidades semipresenciales y virtuales desde 2026.1. M\u00e1s flexibilidad para tu carrera creativa.\",\"breadcrumb\":{\"@id\":\"https:\/\/www.ipp.edu.pe\/blog\/nuevas-modalidades-de-estudio-en-el-ipp-mas-opciones-para-que-nada-te-impida-estudiar-tu-carrera\/#breadcrumb\"},\"inLanguage\":\"es\",\"potentialAction\":[{\"@type\":\"ReadAction\",\"target\":[\"https:\/\/www.ipp.edu.pe\/blog\/nuevas-modalidades-de-estudio-en-el-ipp-mas-opciones-para-que-nada-te-impida-estudiar-tu-carrera\/\"]}]},{\"@type\":\"BreadcrumbList\",\"@id\":\"https:\/\/www.ipp.edu.pe\/blog\/nuevas-modalidades-de-estudio-en-el-ipp-mas-opciones-para-que-nada-te-impida-estudiar-tu-carrera\/#breadcrumb\",\"itemListElement\":[{\"@type\":\"ListItem\",\"position\":1,\"name\":\"Portada\",\"item\":\"https:\/\/www.ipp.edu.pe\/blog\/\"},{\"@type\":\"ListItem\",\"position\":2,\"name\":\"Nuevas modalidades de estudio en el IPP: m\u00e1s opciones para que nada te impida estudiar tu carrera\"}]},{\"@type\":\"WebSite\",\"@id\":\"https:\/\/www.ipp.edu.pe\/blog\/#website\",\"url\":\"https:\/\/www.ipp.edu.pe\/blog\/\",\"name\":\"IPP\",\"description\":\"Blog\",\"potentialAction\":[{\"@type\":\"SearchAction\",\"target\":{\"@type\":\"EntryPoint\",\"urlTemplate\":\"https:\/\/www.ipp.edu.pe\/blog\/?s={search_term_string}\"},\"query-input\":\"required name=search_term_string\"}],\"inLanguage\":\"es\"},{\"@type\":\"Person\",\"@id\":\"https:\/\/www.ipp.edu.pe\/blog\/#\/schema\/person\/a181e83c31f3b4a4885d79f8ba3511d9\",\"name\":\"ipp\",\"image\":{\"@type\":\"ImageObject\",\"inLanguage\":\"es\",\"@id\":\"https:\/\/www.ipp.edu.pe\/blog\/#\/schema\/person\/image\/\",\"url\":\"https:\/\/secure.gravatar.com\/avatar\/f976c78458fb8748ef56aa820203fbd0?s=96&d=mm&r=g\",\"contentUrl\":\"https:\/\/secure.gravatar.com\/avatar\/f976c78458fb8748ef56aa820203fbd0?s=96&d=mm&r=g\",\"caption\":\"ipp\"},\"url\":\"https:\/\/www.ipp.edu.pe\/blog\/author\/ipp\/\"}]}<\/script>\n<!-- \/ Yoast SEO plugin. -->","yoast_head_json":{"title":"Nuevas modalidades de estudio en el IPP: m\u00e1s opciones para que nada te impida estudiar tu carrera | IPP","description":"Estudia en el IPP con nuevas modalidades semipresenciales y virtuales desde 2026.1. M\u00e1s flexibilidad para tu carrera creativa.","robots":{"index":"index","follow":"follow","max-snippet":"max-snippet:-1","max-image-preview":"max-image-preview:large","max-video-preview":"max-video-preview:-1"},"canonical":"https:\/\/www.ipp.edu.pe\/blog\/nuevas-modalidades-de-estudio-en-el-ipp-mas-opciones-para-que-nada-te-impida-estudiar-tu-carrera\/","og_locale":"es_ES","og_type":"article","og_title":"Nuevas modalidades de estudio en el IPP: m\u00e1s opciones para que nada te impida estudiar tu carrera | IPP","og_description":"Estudia en el IPP con nuevas modalidades semipresenciales y virtuales desde 2026.1. M\u00e1s flexibilidad para tu carrera creativa.","og_url":"https:\/\/www.ipp.edu.pe\/blog\/nuevas-modalidades-de-estudio-en-el-ipp-mas-opciones-para-que-nada-te-impida-estudiar-tu-carrera\/","og_site_name":"IPP","article_published_time":"2026-01-23T23:33:00+00:00","og_image":[{"width":960,"height":720,"url":"https:\/\/www.ipp.edu.pe\/blog\/wp-content\/uploads\/2026\/01\/IPP-PORTADA-MINIATURA-100-VIRTUAL.png","type":"image\/png"}],"author":"ipp","twitter_card":"summary_large_image","twitter_misc":{"Escrito por":"ipp","Tiempo de lectura":"3 minutos"},"schema":{"@context":"https:\/\/schema.org","@graph":[{"@type":"WebPage","@id":"https:\/\/www.ipp.edu.pe\/blog\/nuevas-modalidades-de-estudio-en-el-ipp-mas-opciones-para-que-nada-te-impida-estudiar-tu-carrera\/","url":"https:\/\/www.ipp.edu.pe\/blog\/nuevas-modalidades-de-estudio-en-el-ipp-mas-opciones-para-que-nada-te-impida-estudiar-tu-carrera\/","name":"Nuevas modalidades de estudio en el IPP: m\u00e1s opciones para que nada te impida estudiar tu carrera | IPP","isPartOf":{"@id":"https:\/\/www.ipp.edu.pe\/blog\/#website"},"datePublished":"2026-01-23T23:33:00+00:00","dateModified":"2026-01-23T23:33:00+00:00","author":{"@id":"https:\/\/www.ipp.edu.pe\/blog\/#\/schema\/person\/a181e83c31f3b4a4885d79f8ba3511d9"},"description":"Estudia en el IPP con nuevas modalidades semipresenciales y virtuales desde 2026.1. M\u00e1s flexibilidad para tu carrera creativa.","breadcrumb":{"@id":"https:\/\/www.ipp.edu.pe\/blog\/nuevas-modalidades-de-estudio-en-el-ipp-mas-opciones-para-que-nada-te-impida-estudiar-tu-carrera\/#breadcrumb"},"inLanguage":"es","potentialAction":[{"@type":"ReadAction","target":["https:\/\/www.ipp.edu.pe\/blog\/nuevas-modalidades-de-estudio-en-el-ipp-mas-opciones-para-que-nada-te-impida-estudiar-tu-carrera\/"]}]},{"@type":"BreadcrumbList","@id":"https:\/\/www.ipp.edu.pe\/blog\/nuevas-modalidades-de-estudio-en-el-ipp-mas-opciones-para-que-nada-te-impida-estudiar-tu-carrera\/#breadcrumb","itemListElement":[{"@type":"ListItem","position":1,"name":"Portada","item":"https:\/\/www.ipp.edu.pe\/blog\/"},{"@type":"ListItem","position":2,"name":"Nuevas modalidades de estudio en el IPP: m\u00e1s opciones para que nada te impida estudiar tu carrera"}]},{"@type":"WebSite","@id":"https:\/\/www.ipp.edu.pe\/blog\/#website","url":"https:\/\/www.ipp.edu.pe\/blog\/","name":"IPP","description":"Blog","potentialAction":[{"@type":"SearchAction","target":{"@type":"EntryPoint","urlTemplate":"https:\/\/www.ipp.edu.pe\/blog\/?s={search_term_string}"},"query-input":"required name=search_term_string"}],"inLanguage":"es"},{"@type":"Person","@id":"https:\/\/www.ipp.edu.pe\/blog\/#\/schema\/person\/a181e83c31f3b4a4885d79f8ba3511d9","name":"ipp","image":{"@type":"ImageObject","inLanguage":"es","@id":"https:\/\/www.ipp.edu.pe\/blog\/#\/schema\/person\/image\/","url":"https:\/\/secure.gravatar.com\/avatar\/f976c78458fb8748ef56aa820203fbd0?s=96&d=mm&r=g","contentUrl":"https:\/\/secure.gravatar.com\/avatar\/f976c78458fb8748ef56aa820203fbd0?s=96&d=mm&r=g","caption":"ipp"},"url":"https:\/\/www.ipp.edu.pe\/blog\/author\/ipp\/"}]}},"_links":{"self":[{"href":"https:\/\/www.ipp.edu.pe\/blog\/wp-json\/wp\/v2\/posts\/7867"}],"collection":[{"href":"https:\/\/www.ipp.edu.pe\/blog\/wp-json\/wp\/v2\/posts"}],"about":[{"href":"https:\/\/www.ipp.edu.pe\/blog\/wp-json\/wp\/v2\/types\/post"}],"author":[{"embeddable":true,"href":"https:\/\/www.ipp.edu.pe\/blog\/wp-json\/wp\/v2\/users\/1"}],"replies":[{"embeddable":true,"href":"https:\/\/www.ipp.edu.pe\/blog\/wp-json\/wp\/v2\/comments?post=7867"}],"version-history":[{"count":10,"href":"https:\/\/www.ipp.edu.pe\/blog\/wp-json\/wp\/v2\/posts\/7867\/revisions"}],"predecessor-version":[{"id":7880,"href":"https:\/\/www.ipp.edu.pe\/blog\/wp-json\/wp\/v2\/posts\/7867\/revisions\/7880"}],"wp:featuredmedia":[{"embeddable":true,"href":"https:\/\/www.ipp.edu.pe\/blog\/wp-json\/wp\/v2\/media\/7869"}],"wp:attachment":[{"href":"https:\/\/www.ipp.edu.pe\/blog\/wp-json\/wp\/v2\/media?parent=7867"}],"wp:term":[{"taxonomy":"category","embeddable":true,"href":"https:\/\/www.ipp.edu.pe\/blog\/wp-json\/wp\/v2\/categories?post=7867"},{"taxonomy":"post_tag","embeddable":true,"href":"https:\/\/www.ipp.edu.pe\/blog\/wp-json\/wp\/v2\/tags?post=7867"}],"curies":[{"name":"wp","href":"https:\/\/api.w.org\/{rel}","templated":true}]}}